 {"id":1436,"date":"2023-08-17T13:45:40","date_gmt":"2023-08-17T11:45:40","guid":{"rendered":"https:\/\/www.onlineshop-skoda.de\/?p=1436"},"modified":"2023-04-13T04:07:27","modified_gmt":"2023-04-13T02:07:27","slug":"beleuchtung-in-der-kueche-wie-man-den-raum-richtig-erhellt","status":"publish","type":"post","link":"https:\/\/www.onlineshop-skoda.de\/index.php\/2023\/08\/17\/beleuchtung-in-der-kueche-wie-man-den-raum-richtig-erhellt\/","title":{"rendered":"Beleuchtung in der K\u00fcche: Wie man den Raum richtig erhellt"},"content":{"rendered":"<h2>Einleitung<\/h2>\n<p>Die Beleuchtung in der K\u00fcche spielt eine gro\u00dfe Rolle bei der Gestaltung und Nutzung des Raumes. Ein schlecht beleuchteter Raum kann ungem\u00fctlich und unpraktisch sein. In diesem Artikel m\u00f6chten wir Ihnen Tipps geben, wie Sie Ihre K\u00fcche richtig beleuchten und somit angenehmer gestalten k\u00f6nnen.<\/p>\n<h2>Die richtige Beleuchtung w\u00e4hlen<\/h2>\n<p>Bei der Wahl der Beleuchtung in der K\u00fcche gibt es mehrere Faktoren zu ber\u00fccksichtigen. Zun\u00e4chst muss man sich fragen, welche Art von Beleuchtung man ben\u00f6tigt. In der Regel gibt es drei Arten von Beleuchtung: Allgemeinbeleuchtung, Arbeitsbeleuchtung und Akzentbeleuchtung.<\/p>\n<ul>\n<li>Die Allgemeinbeleuchtung sorgt f\u00fcr eine gleichm\u00e4\u00dfige Ausleuchtung des Raums und sollte nicht zu grell sein.<\/li>\n<li>Die Arbeitsbeleuchtung dient dazu, bestimmte Arbeitsbereiche, wie zum Beispiel die Arbeitsplatte oder den Herd, gezielt auszuleuchten.<\/li>\n<li>Die Akzentbeleuchtung setzt bestimmte Bereiche oder Objekte in Szene und kann somit f\u00fcr eine angenehme Atmosph\u00e4re sorgen.<\/li>\n<\/ul>\n<h2>Die richtige Platzierung der Leuchten<\/h2>\n<p>Neben der Art der Beleuchtung ist auch die Platzierung der Leuchten von entscheidender Bedeutung. Eine zu hohe oder zu niedrige Platzierung der Leuchten kann zu unangenehmen Schatten und Reflexionen f\u00fchren. Die Arbeitsbeleuchtung sollte in der Regel direkt \u00fcber der Arbeitsfl\u00e4che angebracht werden, um eine blendfreie Ausleuchtung zu gew\u00e4hrleisten. Die Allgemeinbeleuchtung hingegen sollte gleichm\u00e4\u00dfig im Raum verteilt werden. Eine Akzentbeleuchtung kann f\u00fcr Highlight-Bereiche, wie zum Beispiel eine attraktive Fliese oder eine Dekoration, platziert werden.<\/p>\n<h2>Die richtige Farbtemperatur w\u00e4hlen<\/h2>\n<p>Neben der Art und der Platzierung der Leuchten spielt auch die Farbtemperatur der Leuchten eine Rolle. Hierbei geht es um die Wahrnehmung der Helligkeit und des Lichts. Als Faustregel gilt, dass warmwei\u00dfes Licht eine gem\u00fctliche Atmosph\u00e4re schafft und kaltwei\u00dfes Licht eher f\u00fcr eine sachliche Atmosph\u00e4re sorgt. Eine Kombination aus beiden kann f\u00fcr ein ausgewogenes Verh\u00e4ltnis sorgen.<\/p>\n","protected":false},"excerpt":{"rendered":"<p>Einleitung Die Beleuchtung in der K\u00fcche spielt eine gro\u00dfe Rolle bei der Gestaltung und Nutzung des Raumes. Ein schlecht beleuchteter Raum kann ungem\u00fctlich und unpraktisch sein. In diesem Artikel m\u00f6chten wir Ihnen Tipps geben, wie Sie Ihre K\u00fcche richtig beleuchten und somit angenehmer gestalten k\u00f6nnen. Die richtige Beleuchtung w\u00e4hlen Bei der Wahl der Beleuchtung in [&hellip;]<\/p>\n","protected":false},"author":1,"featured_media":3097,"comment_status":"open","ping_status":"open","sticky":false,"template":"","format":"standard","meta":{"footnotes":""},"categories":[11],"tags":[],"class_list":["post-1436","post","type-post","status-publish","format-standard","has-post-thumbnail","hentry","category-spiegel"],"_links":{"self":[{"href":"https:\/\/www.onlineshop-skoda.de\/index.php\/wp-json\/wp\/v2\/posts\/1436","targetHints":{"allow":["GET"]}}],"collection":[{"href":"https:\/\/www.onlineshop-skoda.de\/index.php\/wp-json\/wp\/v2\/posts"}],"about":[{"href":"https:\/\/www.onlineshop-skoda.de\/index.php\/wp-json\/wp\/v2\/types\/post"}],"author":[{"embeddable":true,"href":"https:\/\/www.onlineshop-skoda.de\/index.php\/wp-json\/wp\/v2\/users\/1"}],"replies":[{"embeddable":true,"href":"https:\/\/www.onlineshop-skoda.de\/index.php\/wp-json\/wp\/v2\/comments?post=1436"}],"version-history":[{"count":1,"href":"https:\/\/www.onlineshop-skoda.de\/index.php\/wp-json\/wp\/v2\/posts\/1436\/revisions"}],"predecessor-version":[{"id":3183,"href":"https:\/\/www.onlineshop-skoda.de\/index.php\/wp-json\/wp\/v2\/posts\/1436\/revisions\/3183"}],"wp:featuredmedia":[{"embeddable":true,"href":"https:\/\/www.onlineshop-skoda.de\/index.php\/wp-json\/wp\/v2\/media\/3097"}],"wp:attachment":[{"href":"https:\/\/www.onlineshop-skoda.de\/index.php\/wp-json\/wp\/v2\/media?parent=1436"}],"wp:term":[{"taxonomy":"category","embeddable":true,"href":"https:\/\/www.onlineshop-skoda.de\/index.php\/wp-json\/wp\/v2\/categories?post=1436"},{"taxonomy":"post_tag","embeddable":true,"href":"https:\/\/www.onlineshop-skoda.de\/index.php\/wp-json\/wp\/v2\/tags?post=1436"}],"curies":[{"name":"wp","href":"https:\/\/api.w.org\/{rel}","templated":true}]}}